{"id":11773,"date":"2024-01-16T15:53:53","date_gmt":"2024-01-16T14:53:53","guid":{"rendered":"https:\/\/www.maison-fedon.fr\/blog\/?p=11773"},"modified":"2024-08-30T17:19:25","modified_gmt":"2024-08-30T15:19:25","slug":"camembert-roti-au-miel-maison-fedon","status":"publish","type":"post","link":"https:\/\/www.maison-fedon.fr\/blog\/camembert-roti-au-miel-maison-fedon\/","title":{"rendered":"Camembert r\u00f4ti au miel Maison Fedon"},"content":{"rendered":"<p>[et_pb_section fb_built=\u00a0\u00bb1&Prime; fullwidth=\u00a0\u00bbon\u00a0\u00bb _builder_version=\u00a0\u00bb4.16&Prime; global_colors_info=\u00a0\u00bb{}\u00a0\u00bb][et_pb_fullwidth_header title=\u00a0\u00bbCAMEMBERT R\u00d4TI AU MIEL MAISON FEDON\u00a0\u00bb admin_label=\u00a0\u00bbTitre article\u00a0\u00bb _builder_version=\u00a0\u00bb4.19.4&Prime; title_text_align=\u00a0\u00bbcenter\u00a0\u00bb background_color=\u00a0\u00bbrgba(255, 255, 255, 0)\u00a0\u00bb background_image=\u00a0\u00bbhttps:\/\/www.maison-fedon.fr\/blog\/wp-content\/uploads\/2024\/01\/camembert-roti-au-miel-maison-fedon-header.jpg\u00a0\u00bb text_shadow_style=\u00a0\u00bbpreset5&Prime; text_shadow_color=\u00a0\u00bb#000000&Prime; global_colors_info=\u00a0\u00bb{}\u00a0\u00bb button_one_text_size__hover_enabled=\u00a0\u00bboff\u00a0\u00bb button_one_text_size__hover=\u00a0\u00bbnull\u00a0\u00bb button_two_text_size__hover_enabled=\u00a0\u00bboff\u00a0\u00bb button_two_text_size__hover=\u00a0\u00bbnull\u00a0\u00bb button_one_text_color__hover_enabled=\u00a0\u00bboff\u00a0\u00bb button_one_text_color__hover=\u00a0\u00bbnull\u00a0\u00bb button_two_text_color__hover_enabled=\u00a0\u00bboff\u00a0\u00bb button_two_text_color__hover=\u00a0\u00bbnull\u00a0\u00bb button_one_border_width__hover_enabled=\u00a0\u00bboff\u00a0\u00bb button_one_border_width__hover=\u00a0\u00bbnull\u00a0\u00bb button_two_border_width__hover_enabled=\u00a0\u00bboff\u00a0\u00bb button_two_border_width__hover=\u00a0\u00bbnull\u00a0\u00bb button_one_border_color__hover_enabled=\u00a0\u00bboff\u00a0\u00bb button_one_border_color__hover=\u00a0\u00bbnull\u00a0\u00bb button_two_border_color__hover_enabled=\u00a0\u00bboff\u00a0\u00bb button_two_border_color__hover=\u00a0\u00bbnull\u00a0\u00bb button_one_border_radius__hover_enabled=\u00a0\u00bboff\u00a0\u00bb button_one_border_radius__hover=\u00a0\u00bbnull\u00a0\u00bb button_two_border_radius__hover_enabled=\u00a0\u00bboff\u00a0\u00bb button_two_border_radius__hover=\u00a0\u00bbnull\u00a0\u00bb button_one_letter_spacing__hover_enabled=\u00a0\u00bboff\u00a0\u00bb button_one_letter_spacing__hover=\u00a0\u00bbnull\u00a0\u00bb button_two_letter_spacing__hover_enabled=\u00a0\u00bboff\u00a0\u00bb button_two_letter_spacing__hover=\u00a0\u00bbnull\u00a0\u00bb button_one_bg_color__hover_enabled=\u00a0\u00bboff\u00a0\u00bb button_one_bg_color__hover=\u00a0\u00bbnull\u00a0\u00bb button_two_bg_color__hover_enabled=\u00a0\u00bboff\u00a0\u00bb button_two_bg_color__hover=\u00a0\u00bbnull\u00a0\u00bb][\/et_pb_fullwidth_header][\/et_pb_section][et_pb_section fb_built=\u00a0\u00bb1&Prime; admin_label=\u00a0\u00bbsection\u00a0\u00bb _builder_version=\u00a0\u00bb4.16&Prime; global_colors_info=\u00a0\u00bb{}\u00a0\u00bb][et_pb_row _builder_version=\u00a0\u00bb4.16&Prime; background_size=\u00a0\u00bbinitial\u00a0\u00bb background_position=\u00a0\u00bbtop_left\u00a0\u00bb background_repeat=\u00a0\u00bbrepeat\u00a0\u00bb global_colors_info=\u00a0\u00bb{}\u00a0\u00bb][et_pb_column type=\u00a0\u00bb4_4&Prime; _builder_version=\u00a0\u00bb4.16&Prime; custom_padding=\u00a0\u00bb|||\u00a0\u00bb global_colors_info=\u00a0\u00bb{}\u00a0\u00bb custom_padding__hover=\u00a0\u00bb|||\u00a0\u00bb][et_pb_text _builder_version=\u00a0\u00bb4.27.0&Prime; background_size=\u00a0\u00bbinitial\u00a0\u00bb background_position=\u00a0\u00bbtop_left\u00a0\u00bb background_repeat=\u00a0\u00bbrepeat\u00a0\u00bb text_orientation=\u00a0\u00bbjustified\u00a0\u00bb module_alignment=\u00a0\u00bbcenter\u00a0\u00bb use_border_color=\u00a0\u00bboff\u00a0\u00bb global_colors_info=\u00a0\u00bb{}\u00a0\u00bb]<\/p>\n<h2 class=\"p1\" style=\"text-align: center;\"><span class=\"s1\">Notre<\/span> camembert r\u00f4ti au miel est un appel \u00e0 la gourmandise qui comblera s\u00fbrement tous les amateurs de fromage ! Garni de miel, de fruits secs et de cranberries &#8211; on vous promet une d\u00e9gustation succulente !<\/h2>\n<p style=\"text-align: center;\">Cette recette de camembert r\u00f4ti au <strong>miel Maison Fedon<\/strong> est parfaite pour <strong>une soir\u00e9e au coin du feu<\/strong>, mais aussi pour <strong>l\u2019ap\u00e9ritif<\/strong> ou bien <strong>en plat principal<\/strong> accompagn\u00e9e de quelques l\u00e9gumes.<\/p>\n<p>[\/et_pb_text][et_pb_divider _builder_version=\u00a0\u00bb4.19.4&Prime; _module_preset=\u00a0\u00bbdefault\u00a0\u00bb global_colors_info=\u00a0\u00bb{}\u00a0\u00bb][\/et_pb_divider][\/et_pb_column][\/et_pb_row][et_pb_row column_structure=\u00a0\u00bb1_2,1_2&Prime; _builder_version=\u00a0\u00bb4.16&Prime; global_colors_info=\u00a0\u00bb{}\u00a0\u00bb][et_pb_column type=\u00a0\u00bb1_2&Prime; _builder_version=\u00a0\u00bb4.16&Prime; custom_padding=\u00a0\u00bb|||\u00a0\u00bb global_colors_info=\u00a0\u00bb{}\u00a0\u00bb custom_padding__hover=\u00a0\u00bb|||\u00a0\u00bb][et_pb_image src=\u00a0\u00bbhttps:\/\/www.maison-fedon.fr\/blog\/wp-content\/uploads\/2024\/01\/camembert-roti-au-miel-maison-fedon-3.jpg\u00a0\u00bb alt=\u00a0\u00bbCamembert r\u00f4ti au four au miel Maison Fedon et fruits secs\u00a0\u00bb title_text=\u00a0\u00bbcamembert-roti-au-miel-maison-fedon-3&Prime; align_tablet=\u00a0\u00bbcenter\u00a0\u00bb align_phone=\u00a0\u00bb\u00a0\u00bb align_last_edited=\u00a0\u00bbon|desktop\u00a0\u00bb _builder_version=\u00a0\u00bb4.19.4&Prime; custom_padding=\u00a0\u00bb5px|||\u00a0\u00bb border_radii=\u00a0\u00bbon|0px|0px|0px|0px\u00a0\u00bb border_color_all=\u00a0\u00bb#c4c4c4&Prime; global_colors_info=\u00a0\u00bb{}\u00a0\u00bb]&nbsp;[\/et_pb_image][\/et_pb_column][et_pb_column type=\u00a0\u00bb1_2&Prime; _builder_version=\u00a0\u00bb4.16&Prime; custom_padding=\u00a0\u00bb|||\u00a0\u00bb global_colors_info=\u00a0\u00bb{}\u00a0\u00bb custom_padding__hover=\u00a0\u00bb|||\u00a0\u00bb][et_pb_text _builder_version=\u00a0\u00bb4.27.0&Prime; text_line_height=\u00a0\u00bb1.6em\u00a0\u00bb link_text_align=\u00a0\u00bbjustify\u00a0\u00bb header_text_align=\u00a0\u00bbjustify\u00a0\u00bb text_orientation=\u00a0\u00bbjustified\u00a0\u00bb z_index_tablet=\u00a0\u00bb500&Prime; text_text_shadow_horizontal_length_tablet=\u00a0\u00bb0px\u00a0\u00bb text_text_shadow_vertical_length_tablet=\u00a0\u00bb0px\u00a0\u00bb text_text_shadow_blur_strength_tablet=\u00a0\u00bb1px\u00a0\u00bb link_text_shadow_horizontal_length_tablet=\u00a0\u00bb0px\u00a0\u00bb link_text_shadow_vertical_length_tablet=\u00a0\u00bb0px\u00a0\u00bb link_text_shadow_blur_strength_tablet=\u00a0\u00bb1px\u00a0\u00bb ul_text_shadow_horizontal_length_tablet=\u00a0\u00bb0px\u00a0\u00bb ul_text_shadow_vertical_length_tablet=\u00a0\u00bb0px\u00a0\u00bb ul_text_shadow_blur_strength_tablet=\u00a0\u00bb1px\u00a0\u00bb ol_text_shadow_horizontal_length_tablet=\u00a0\u00bb0px\u00a0\u00bb ol_text_shadow_vertical_length_tablet=\u00a0\u00bb0px\u00a0\u00bb ol_text_shadow_blur_strength_tablet=\u00a0\u00bb1px\u00a0\u00bb quote_text_shadow_horizontal_length_tablet=\u00a0\u00bb0px\u00a0\u00bb quote_text_shadow_vertical_length_tablet=\u00a0\u00bb0px\u00a0\u00bb quote_text_shadow_blur_strength_tablet=\u00a0\u00bb1px\u00a0\u00bb header_text_shadow_horizontal_length_tablet=\u00a0\u00bb0px\u00a0\u00bb header_text_shadow_vertical_length_tablet=\u00a0\u00bb0px\u00a0\u00bb header_text_shadow_blur_strength_tablet=\u00a0\u00bb1px\u00a0\u00bb header_2_text_shadow_horizontal_length_tablet=\u00a0\u00bb0px\u00a0\u00bb header_2_text_shadow_vertical_length_tablet=\u00a0\u00bb0px\u00a0\u00bb header_2_text_shadow_blur_strength_tablet=\u00a0\u00bb1px\u00a0\u00bb header_3_text_shadow_horizontal_length_tablet=\u00a0\u00bb0px\u00a0\u00bb header_3_text_shadow_vertical_length_tablet=\u00a0\u00bb0px\u00a0\u00bb header_3_text_shadow_blur_strength_tablet=\u00a0\u00bb1px\u00a0\u00bb header_4_text_shadow_horizontal_length_tablet=\u00a0\u00bb0px\u00a0\u00bb header_4_text_shadow_vertical_length_tablet=\u00a0\u00bb0px\u00a0\u00bb header_4_text_shadow_blur_strength_tablet=\u00a0\u00bb1px\u00a0\u00bb header_5_text_shadow_horizontal_length_tablet=\u00a0\u00bb0px\u00a0\u00bb header_5_text_shadow_vertical_length_tablet=\u00a0\u00bb0px\u00a0\u00bb header_5_text_shadow_blur_strength_tablet=\u00a0\u00bb1px\u00a0\u00bb header_6_text_shadow_horizontal_length_tablet=\u00a0\u00bb0px\u00a0\u00bb header_6_text_shadow_vertical_length_tablet=\u00a0\u00bb0px\u00a0\u00bb header_6_text_shadow_blur_strength_tablet=\u00a0\u00bb1px\u00a0\u00bb box_shadow_horizontal_tablet=\u00a0\u00bb0px\u00a0\u00bb box_shadow_vertical_tablet=\u00a0\u00bb0px\u00a0\u00bb box_shadow_blur_tablet=\u00a0\u00bb40px\u00a0\u00bb box_shadow_spread_tablet=\u00a0\u00bb0px\u00a0\u00bb global_colors_info=\u00a0\u00bb{}\u00a0\u00bb]<\/p>\n<h3 style=\"text-align: left;\">INGR\u00c9DIENTS POUR 1 CAMEMBERT<\/h3>\n<p><strong>Pr\u00e9paration<\/strong> : 5 min<br \/><strong>Cuisson<\/strong> : 10 min<\/p>\n<p>&#8211; 1 <a href=\"https:\/\/lafromagerielachaise.fr\"><strong>camembert<\/strong><\/a><br \/>&#8211; 3 cuill\u00e8res \u00e0 soupe de <strong>miel bio d\u2019acacia Maison Fedon<\/strong><br \/>&#8211; 6 cranberries fra\u00eeches<br \/>&#8211; 1 poign\u00e9e de fruits secs (noix, noisettes)<br \/>&#8211; 4 brins de thym frais<br \/>&#8211; 2 gousses d\u2019ail<\/p>\n<p>[\/et_pb_text][\/et_pb_column][\/et_pb_row][et_pb_row column_structure=\u00a0\u00bb1_2,1_2&Prime; disabled_on=\u00a0\u00bbon|off|off\u00a0\u00bb _builder_version=\u00a0\u00bb4.19.4&Prime; global_colors_info=\u00a0\u00bb{}\u00a0\u00bb][et_pb_column type=\u00a0\u00bb1_2&Prime; _builder_version=\u00a0\u00bb4.16&Prime; custom_padding=\u00a0\u00bb|||\u00a0\u00bb global_colors_info=\u00a0\u00bb{}\u00a0\u00bb custom_padding__hover=\u00a0\u00bb|||\u00a0\u00bb][et_pb_text _builder_version=\u00a0\u00bb4.27.0&Prime; text_line_height=\u00a0\u00bb1.6em\u00a0\u00bb header_text_align=\u00a0\u00bbleft\u00a0\u00bb hover_enabled=\u00a0\u00bb0&Prime; z_index_tablet=\u00a0\u00bb500&Prime; text_text_shadow_horizontal_length_tablet=\u00a0\u00bb0px\u00a0\u00bb text_text_shadow_vertical_length_tablet=\u00a0\u00bb0px\u00a0\u00bb text_text_shadow_blur_strength_tablet=\u00a0\u00bb1px\u00a0\u00bb link_text_shadow_horizontal_length_tablet=\u00a0\u00bb0px\u00a0\u00bb link_text_shadow_vertical_length_tablet=\u00a0\u00bb0px\u00a0\u00bb link_text_shadow_blur_strength_tablet=\u00a0\u00bb1px\u00a0\u00bb ul_text_shadow_horizontal_length_tablet=\u00a0\u00bb0px\u00a0\u00bb ul_text_shadow_vertical_length_tablet=\u00a0\u00bb0px\u00a0\u00bb ul_text_shadow_blur_strength_tablet=\u00a0\u00bb1px\u00a0\u00bb ol_text_shadow_horizontal_length_tablet=\u00a0\u00bb0px\u00a0\u00bb ol_text_shadow_vertical_length_tablet=\u00a0\u00bb0px\u00a0\u00bb ol_text_shadow_blur_strength_tablet=\u00a0\u00bb1px\u00a0\u00bb quote_text_shadow_horizontal_length_tablet=\u00a0\u00bb0px\u00a0\u00bb quote_text_shadow_vertical_length_tablet=\u00a0\u00bb0px\u00a0\u00bb quote_text_shadow_blur_strength_tablet=\u00a0\u00bb1px\u00a0\u00bb header_text_shadow_horizontal_length_tablet=\u00a0\u00bb0px\u00a0\u00bb header_text_shadow_vertical_length_tablet=\u00a0\u00bb0px\u00a0\u00bb header_text_shadow_blur_strength_tablet=\u00a0\u00bb1px\u00a0\u00bb header_2_text_shadow_horizontal_length_tablet=\u00a0\u00bb0px\u00a0\u00bb header_2_text_shadow_vertical_length_tablet=\u00a0\u00bb0px\u00a0\u00bb header_2_text_shadow_blur_strength_tablet=\u00a0\u00bb1px\u00a0\u00bb header_3_text_shadow_horizontal_length_tablet=\u00a0\u00bb0px\u00a0\u00bb header_3_text_shadow_vertical_length_tablet=\u00a0\u00bb0px\u00a0\u00bb header_3_text_shadow_blur_strength_tablet=\u00a0\u00bb1px\u00a0\u00bb header_4_text_shadow_horizontal_length_tablet=\u00a0\u00bb0px\u00a0\u00bb header_4_text_shadow_vertical_length_tablet=\u00a0\u00bb0px\u00a0\u00bb header_4_text_shadow_blur_strength_tablet=\u00a0\u00bb1px\u00a0\u00bb header_5_text_shadow_horizontal_length_tablet=\u00a0\u00bb0px\u00a0\u00bb header_5_text_shadow_vertical_length_tablet=\u00a0\u00bb0px\u00a0\u00bb header_5_text_shadow_blur_strength_tablet=\u00a0\u00bb1px\u00a0\u00bb header_6_text_shadow_horizontal_length_tablet=\u00a0\u00bb0px\u00a0\u00bb header_6_text_shadow_vertical_length_tablet=\u00a0\u00bb0px\u00a0\u00bb header_6_text_shadow_blur_strength_tablet=\u00a0\u00bb1px\u00a0\u00bb box_shadow_horizontal_tablet=\u00a0\u00bb0px\u00a0\u00bb box_shadow_vertical_tablet=\u00a0\u00bb0px\u00a0\u00bb box_shadow_blur_tablet=\u00a0\u00bb40px\u00a0\u00bb box_shadow_spread_tablet=\u00a0\u00bb0px\u00a0\u00bb global_colors_info=\u00a0\u00bb{}\u00a0\u00bb sticky_enabled=\u00a0\u00bb0&Prime;]<\/p>\n<p>Voici une recette fondante et d\u00e9licieuse qui, en plus, est tr\u00e8s facile \u00e0 faire. Notre <a href=\"https:\/\/www.maison-fedon.fr\/nos-miels-bio-du-limousin\/23-51-miel-bio-d-acacia.html#\/27-poids-500g\"><strong>miel bio d\u2019acacia<\/strong><\/a> est un assaisonnement de choix qui apporte une touche subtile \u00e0 ce plat.<\/p>\n<p>Sa texture liquide et <strong>ses notes florales et vanill\u00e9es<\/strong> s\u2019accordent \u00e0 merveille avec la puissance aromatique du camembert pour offrir \u00e0 vos papilles <strong>une douceur miell\u00e9e r\u00e9confortante<\/strong>.<\/p>\n<p>Vous pouvez \u00e9galement utiliser le <strong><a href=\"https:\/\/www.maison-fedon.fr\/miels-bio-du-limousin\/27-60-miel-bio-de-chataignier.html#\/27-poids-500g\">miel bio de ch\u00e2taignier<\/a><\/strong>, il donnera \u00e0 cette pr\u00e9paration une saveur plus puissante et parfum\u00e9e.<\/p>\n<p>[\/et_pb_text][\/et_pb_column][et_pb_column type=\u00a0\u00bb1_2&Prime; _builder_version=\u00a0\u00bb4.16&Prime; custom_padding=\u00a0\u00bb|||\u00a0\u00bb global_colors_info=\u00a0\u00bb{}\u00a0\u00bb custom_padding__hover=\u00a0\u00bb|||\u00a0\u00bb][et_pb_image src=\u00a0\u00bbhttps:\/\/www.maison-fedon.fr\/blog\/wp-content\/uploads\/2024\/01\/camembert-roti-au-miel-maison-fedon-2.jpg\u00a0\u00bb alt=\u00a0\u00bbMiel bio d&rsquo;acacia Maison Fedon\u00a0\u00bb title_text=\u00a0\u00bbcamembert-roti-au-miel-maison-fedon-2&Prime; align_tablet=\u00a0\u00bbcenter\u00a0\u00bb align_phone=\u00a0\u00bb\u00a0\u00bb align_last_edited=\u00a0\u00bbon|desktop\u00a0\u00bb _builder_version=\u00a0\u00bb4.19.4&Prime; custom_padding=\u00a0\u00bb5px|||\u00a0\u00bb z_index_tablet=\u00a0\u00bb500&Prime; border_radii=\u00a0\u00bbon|0px|0px|0px|0px\u00a0\u00bb border_color_all=\u00a0\u00bb#c4c4c4&Prime; box_shadow_horizontal_tablet=\u00a0\u00bb0px\u00a0\u00bb box_shadow_vertical_tablet=\u00a0\u00bb0px\u00a0\u00bb box_shadow_blur_tablet=\u00a0\u00bb40px\u00a0\u00bb box_shadow_spread_tablet=\u00a0\u00bb0px\u00a0\u00bb global_colors_info=\u00a0\u00bb{}\u00a0\u00bb]&nbsp;[\/et_pb_image][et_pb_button button_url=\u00a0\u00bbhttps:\/\/www.maison-fedon.fr\/nos-miels-bio-du-limousin\/23-51-miel-bio-d-acacia.html#\/27-poids-500g\u00a0\u00bb url_new_window=\u00a0\u00bbon\u00a0\u00bb button_text=\u00a0\u00bbD\u00e9couvrir\u00a0\u00bb button_alignment=\u00a0\u00bbcenter\u00a0\u00bb disabled_on=\u00a0\u00bbon|off|off\u00a0\u00bb _builder_version=\u00a0\u00bb4.27.0&Prime; _module_preset=\u00a0\u00bbdefault\u00a0\u00bb custom_button=\u00a0\u00bbon\u00a0\u00bb button_text_size=\u00a0\u00bb18px\u00a0\u00bb button_text_color=\u00a0\u00bb#000000&Prime; button_bg_color=\u00a0\u00bb#F0B800&Prime; button_border_color=\u00a0\u00bb#F0B800&Prime; button_font=\u00a0\u00bb||||||||\u00a0\u00bb global_colors_info=\u00a0\u00bb{}\u00a0\u00bb][\/et_pb_button][\/et_pb_column][\/et_pb_row][et_pb_row column_structure=\u00a0\u00bb1_2,1_2&Prime; disabled_on=\u00a0\u00bboff|on|on\u00a0\u00bb _builder_version=\u00a0\u00bb4.19.4&Prime; global_colors_info=\u00a0\u00bb{}\u00a0\u00bb][et_pb_column type=\u00a0\u00bb1_2&Prime; _builder_version=\u00a0\u00bb4.16&Prime; custom_padding=\u00a0\u00bb|||\u00a0\u00bb global_colors_info=\u00a0\u00bb{}\u00a0\u00bb custom_padding__hover=\u00a0\u00bb|||\u00a0\u00bb][et_pb_image src=\u00a0\u00bbhttps:\/\/www.maison-fedon.fr\/blog\/wp-content\/uploads\/2024\/01\/camembert-roti-au-miel-maison-fedon-2.jpg\u00a0\u00bb alt=\u00a0\u00bbMiel bio d&rsquo;acacia Maison Fedon\u00a0\u00bb title_text=\u00a0\u00bbcamembert-roti-au-miel-maison-fedon-2&Prime; align_tablet=\u00a0\u00bbcenter\u00a0\u00bb align_phone=\u00a0\u00bb\u00a0\u00bb align_last_edited=\u00a0\u00bbon|desktop\u00a0\u00bb _builder_version=\u00a0\u00bb4.19.4&Prime; custom_padding=\u00a0\u00bb5px|||\u00a0\u00bb z_index_tablet=\u00a0\u00bb500&Prime; border_radii=\u00a0\u00bbon|0px|0px|0px|0px\u00a0\u00bb border_color_all=\u00a0\u00bb#c4c4c4&Prime; box_shadow_horizontal_tablet=\u00a0\u00bb0px\u00a0\u00bb box_shadow_vertical_tablet=\u00a0\u00bb0px\u00a0\u00bb box_shadow_blur_tablet=\u00a0\u00bb40px\u00a0\u00bb box_shadow_spread_tablet=\u00a0\u00bb0px\u00a0\u00bb global_colors_info=\u00a0\u00bb{}\u00a0\u00bb]&nbsp;[\/et_pb_image][\/et_pb_column][et_pb_column type=\u00a0\u00bb1_2&Prime; _builder_version=\u00a0\u00bb4.16&Prime; custom_padding=\u00a0\u00bb|||\u00a0\u00bb global_colors_info=\u00a0\u00bb{}\u00a0\u00bb custom_padding__hover=\u00a0\u00bb|||\u00a0\u00bb][et_pb_text _builder_version=\u00a0\u00bb4.27.0&Prime; text_line_height=\u00a0\u00bb1.6em\u00a0\u00bb header_text_align=\u00a0\u00bbleft\u00a0\u00bb hover_enabled=\u00a0\u00bb0&Prime; z_index_tablet=\u00a0\u00bb500&Prime; text_text_shadow_horizontal_length_tablet=\u00a0\u00bb0px\u00a0\u00bb text_text_shadow_vertical_length_tablet=\u00a0\u00bb0px\u00a0\u00bb text_text_shadow_blur_strength_tablet=\u00a0\u00bb1px\u00a0\u00bb link_text_shadow_horizontal_length_tablet=\u00a0\u00bb0px\u00a0\u00bb link_text_shadow_vertical_length_tablet=\u00a0\u00bb0px\u00a0\u00bb link_text_shadow_blur_strength_tablet=\u00a0\u00bb1px\u00a0\u00bb ul_text_shadow_horizontal_length_tablet=\u00a0\u00bb0px\u00a0\u00bb ul_text_shadow_vertical_length_tablet=\u00a0\u00bb0px\u00a0\u00bb ul_text_shadow_blur_strength_tablet=\u00a0\u00bb1px\u00a0\u00bb ol_text_shadow_horizontal_length_tablet=\u00a0\u00bb0px\u00a0\u00bb ol_text_shadow_vertical_length_tablet=\u00a0\u00bb0px\u00a0\u00bb ol_text_shadow_blur_strength_tablet=\u00a0\u00bb1px\u00a0\u00bb quote_text_shadow_horizontal_length_tablet=\u00a0\u00bb0px\u00a0\u00bb quote_text_shadow_vertical_length_tablet=\u00a0\u00bb0px\u00a0\u00bb quote_text_shadow_blur_strength_tablet=\u00a0\u00bb1px\u00a0\u00bb header_text_shadow_horizontal_length_tablet=\u00a0\u00bb0px\u00a0\u00bb header_text_shadow_vertical_length_tablet=\u00a0\u00bb0px\u00a0\u00bb header_text_shadow_blur_strength_tablet=\u00a0\u00bb1px\u00a0\u00bb header_2_text_shadow_horizontal_length_tablet=\u00a0\u00bb0px\u00a0\u00bb header_2_text_shadow_vertical_length_tablet=\u00a0\u00bb0px\u00a0\u00bb header_2_text_shadow_blur_strength_tablet=\u00a0\u00bb1px\u00a0\u00bb header_3_text_shadow_horizontal_length_tablet=\u00a0\u00bb0px\u00a0\u00bb header_3_text_shadow_vertical_length_tablet=\u00a0\u00bb0px\u00a0\u00bb header_3_text_shadow_blur_strength_tablet=\u00a0\u00bb1px\u00a0\u00bb header_4_text_shadow_horizontal_length_tablet=\u00a0\u00bb0px\u00a0\u00bb header_4_text_shadow_vertical_length_tablet=\u00a0\u00bb0px\u00a0\u00bb header_4_text_shadow_blur_strength_tablet=\u00a0\u00bb1px\u00a0\u00bb header_5_text_shadow_horizontal_length_tablet=\u00a0\u00bb0px\u00a0\u00bb header_5_text_shadow_vertical_length_tablet=\u00a0\u00bb0px\u00a0\u00bb header_5_text_shadow_blur_strength_tablet=\u00a0\u00bb1px\u00a0\u00bb header_6_text_shadow_horizontal_length_tablet=\u00a0\u00bb0px\u00a0\u00bb header_6_text_shadow_vertical_length_tablet=\u00a0\u00bb0px\u00a0\u00bb header_6_text_shadow_blur_strength_tablet=\u00a0\u00bb1px\u00a0\u00bb box_shadow_horizontal_tablet=\u00a0\u00bb0px\u00a0\u00bb box_shadow_vertical_tablet=\u00a0\u00bb0px\u00a0\u00bb box_shadow_blur_tablet=\u00a0\u00bb40px\u00a0\u00bb box_shadow_spread_tablet=\u00a0\u00bb0px\u00a0\u00bb global_colors_info=\u00a0\u00bb{}\u00a0\u00bb sticky_enabled=\u00a0\u00bb0&Prime;]<\/p>\n<p>Voici une recette fondante et d\u00e9licieuse qui, en plus, est tr\u00e8s facile \u00e0 faire. Notre <a href=\"https:\/\/www.maison-fedon.fr\/nos-miels-bio-du-limousin\/23-51-miel-bio-d-acacia.html#\/27-poids-500g\"><strong>miel bio d\u2019acacia<\/strong><\/a> est un assaisonnement de choix qui apporte une touche subtile \u00e0 ce plat.<\/p>\n<p>Sa texture liquide et <strong>ses notes florales et vanill\u00e9es<\/strong> s\u2019accordent \u00e0 merveille avec la puissance aromatique du camembert pour offrir \u00e0 vos papilles <strong>une douceur miell\u00e9e r\u00e9confortante<\/strong>.<\/p>\n<p>Vous pouvez \u00e9galement utiliser le <strong><a href=\"https:\/\/www.maison-fedon.fr\/miels-bio-du-limousin\/27-60-miel-bio-de-chataignier.html#\/27-poids-500g\">miel bio de ch\u00e2taignier<\/a><\/strong>, il donnera \u00e0 cette pr\u00e9paration une saveur plus puissante et parfum\u00e9e.<\/p>\n<p>[\/et_pb_text][et_pb_button button_url=\u00a0\u00bbhttps:\/\/www.maison-fedon.fr\/nos-miels-bio-du-limousin\/23-51-miel-bio-d-acacia.html#\/27-poids-500g\u00a0\u00bb url_new_window=\u00a0\u00bbon\u00a0\u00bb button_text=\u00a0\u00bbD\u00e9couvrir\u00a0\u00bb button_alignment=\u00a0\u00bbcenter\u00a0\u00bb disabled_on=\u00a0\u00bboff|on|on\u00a0\u00bb _builder_version=\u00a0\u00bb4.27.0&Prime; _module_preset=\u00a0\u00bbdefault\u00a0\u00bb custom_button=\u00a0\u00bbon\u00a0\u00bb button_text_size=\u00a0\u00bb18px\u00a0\u00bb button_text_color=\u00a0\u00bb#000000&Prime; button_bg_color=\u00a0\u00bb#F0B800&Prime; button_border_color=\u00a0\u00bb#F0B800&Prime; button_font=\u00a0\u00bb||||||||\u00a0\u00bb global_colors_info=\u00a0\u00bb{}\u00a0\u00bb][\/et_pb_button][\/et_pb_column][\/et_pb_row][et_pb_row column_structure=\u00a0\u00bb1_2,1_2&Prime; disabled_on=\u00a0\u00bboff|off|off\u00a0\u00bb _builder_version=\u00a0\u00bb4.19.4&Prime; global_colors_info=\u00a0\u00bb{}\u00a0\u00bb][et_pb_column type=\u00a0\u00bb1_2&Prime; _builder_version=\u00a0\u00bb4.16&Prime; custom_padding=\u00a0\u00bb|||\u00a0\u00bb global_colors_info=\u00a0\u00bb{}\u00a0\u00bb custom_padding__hover=\u00a0\u00bb|||\u00a0\u00bb][et_pb_image src=\u00a0\u00bbhttps:\/\/www.maison-fedon.fr\/blog\/wp-content\/uploads\/2024\/01\/camembert-roti-au-miel-maison-fedon-1.jpg\u00a0\u00bb alt=\u00a0\u00bbCamembert r\u00f4ti au four au miel d&rsquo;acacia de Maison Fedon\u00a0\u00bb title_text=\u00a0\u00bbcamembert-roti-au-miel-maison-fedon-1&Prime; align_tablet=\u00a0\u00bbcenter\u00a0\u00bb align_phone=\u00a0\u00bb\u00a0\u00bb align_last_edited=\u00a0\u00bbon|desktop\u00a0\u00bb _builder_version=\u00a0\u00bb4.19.4&Prime; custom_padding=\u00a0\u00bb5px|||\u00a0\u00bb z_index_tablet=\u00a0\u00bb500&Prime; border_radii=\u00a0\u00bbon|0px|0px|0px|0px\u00a0\u00bb border_color_all=\u00a0\u00bb#c4c4c4&Prime; box_shadow_horizontal_tablet=\u00a0\u00bb0px\u00a0\u00bb box_shadow_vertical_tablet=\u00a0\u00bb0px\u00a0\u00bb box_shadow_blur_tablet=\u00a0\u00bb40px\u00a0\u00bb box_shadow_spread_tablet=\u00a0\u00bb0px\u00a0\u00bb global_colors_info=\u00a0\u00bb{}\u00a0\u00bb]&nbsp;[\/et_pb_image][\/et_pb_column][et_pb_column type=\u00a0\u00bb1_2&Prime; _builder_version=\u00a0\u00bb4.16&Prime; custom_padding=\u00a0\u00bb|||\u00a0\u00bb global_colors_info=\u00a0\u00bb{}\u00a0\u00bb custom_padding__hover=\u00a0\u00bb|||\u00a0\u00bb][et_pb_text _builder_version=\u00a0\u00bb4.27.0&Prime; text_line_height=\u00a0\u00bb1.6em\u00a0\u00bb header_text_align=\u00a0\u00bbleft\u00a0\u00bb z_index_tablet=\u00a0\u00bb500&Prime; text_text_shadow_horizontal_length_tablet=\u00a0\u00bb0px\u00a0\u00bb text_text_shadow_vertical_length_tablet=\u00a0\u00bb0px\u00a0\u00bb text_text_shadow_blur_strength_tablet=\u00a0\u00bb1px\u00a0\u00bb link_text_shadow_horizontal_length_tablet=\u00a0\u00bb0px\u00a0\u00bb link_text_shadow_vertical_length_tablet=\u00a0\u00bb0px\u00a0\u00bb link_text_shadow_blur_strength_tablet=\u00a0\u00bb1px\u00a0\u00bb ul_text_shadow_horizontal_length_tablet=\u00a0\u00bb0px\u00a0\u00bb ul_text_shadow_vertical_length_tablet=\u00a0\u00bb0px\u00a0\u00bb ul_text_shadow_blur_strength_tablet=\u00a0\u00bb1px\u00a0\u00bb ol_text_shadow_horizontal_length_tablet=\u00a0\u00bb0px\u00a0\u00bb ol_text_shadow_vertical_length_tablet=\u00a0\u00bb0px\u00a0\u00bb ol_text_shadow_blur_strength_tablet=\u00a0\u00bb1px\u00a0\u00bb quote_text_shadow_horizontal_length_tablet=\u00a0\u00bb0px\u00a0\u00bb quote_text_shadow_vertical_length_tablet=\u00a0\u00bb0px\u00a0\u00bb quote_text_shadow_blur_strength_tablet=\u00a0\u00bb1px\u00a0\u00bb header_text_shadow_horizontal_length_tablet=\u00a0\u00bb0px\u00a0\u00bb header_text_shadow_vertical_length_tablet=\u00a0\u00bb0px\u00a0\u00bb header_text_shadow_blur_strength_tablet=\u00a0\u00bb1px\u00a0\u00bb header_2_text_shadow_horizontal_length_tablet=\u00a0\u00bb0px\u00a0\u00bb header_2_text_shadow_vertical_length_tablet=\u00a0\u00bb0px\u00a0\u00bb header_2_text_shadow_blur_strength_tablet=\u00a0\u00bb1px\u00a0\u00bb header_3_text_shadow_horizontal_length_tablet=\u00a0\u00bb0px\u00a0\u00bb header_3_text_shadow_vertical_length_tablet=\u00a0\u00bb0px\u00a0\u00bb header_3_text_shadow_blur_strength_tablet=\u00a0\u00bb1px\u00a0\u00bb header_4_text_shadow_horizontal_length_tablet=\u00a0\u00bb0px\u00a0\u00bb header_4_text_shadow_vertical_length_tablet=\u00a0\u00bb0px\u00a0\u00bb header_4_text_shadow_blur_strength_tablet=\u00a0\u00bb1px\u00a0\u00bb header_5_text_shadow_horizontal_length_tablet=\u00a0\u00bb0px\u00a0\u00bb header_5_text_shadow_vertical_length_tablet=\u00a0\u00bb0px\u00a0\u00bb header_5_text_shadow_blur_strength_tablet=\u00a0\u00bb1px\u00a0\u00bb header_6_text_shadow_horizontal_length_tablet=\u00a0\u00bb0px\u00a0\u00bb header_6_text_shadow_vertical_length_tablet=\u00a0\u00bb0px\u00a0\u00bb header_6_text_shadow_blur_strength_tablet=\u00a0\u00bb1px\u00a0\u00bb box_shadow_horizontal_tablet=\u00a0\u00bb0px\u00a0\u00bb box_shadow_vertical_tablet=\u00a0\u00bb0px\u00a0\u00bb box_shadow_blur_tablet=\u00a0\u00bb40px\u00a0\u00bb box_shadow_spread_tablet=\u00a0\u00bb0px\u00a0\u00bb global_colors_info=\u00a0\u00bb{}\u00a0\u00bb]<\/p>\n<h3>PR\u00c9PARATION DU CAMEMBERT R\u00d4TI AU MIEL<\/h3>\n<p>\u2013 Tout d&rsquo;abord, pr\u00e9chauffez votre four \u00e0 180\u00b0C. Ensuite, r\u00e9partissez les noix et noisettes sur une plaque de cuisson et faites-les torr\u00e9fier en enfournant pendant 6 \u00e0 8 minutes. Sortez du four et r\u00e9servez.<br \/>&#8211; Retirez le camembert du r\u00e9cipient en bois et enlevez tout emballage avant de le remettre dans sa bo\u00eete, sans le couvercle.<br \/>&#8211; Coupez les gousses d\u2019ail en fines tranches.<br \/>&#8211; Puis, faites de petites incisions sur le dessus du fromage et glissez-y les tranches d\u2019ail en les r\u00e9partissant sur toute la surface. Faites de m\u00eame avec le thym.<br \/>&#8211; Ajoutez sur le dessus les cranberries pr\u00e9alablement coup\u00e9es en tranches.<br \/>&#8211; Placez la bo\u00eete de camembert sur une plaque de cuisson avant d\u2019enfourner pour 5 minutes environ, ou jusqu\u2019\u00e0 ce que le fromage commence \u00e0 ramollir l\u00e9g\u00e8rement.<br \/>&#8211; Maintenant, sortez du four, verser une cuill\u00e8re \u00e0 soupe de miel sur le dessus et remettez \u00e0 cuire pour 5 \u00e0 8 minutes. Le camembert est pr\u00eat lorsqu\u2019il est l\u00e9g\u00e8rement caram\u00e9lis\u00e9 sur le dessus. Le fromage doit \u00eatre coulant \u00e0 c\u0153ur.<br \/>&#8211; Sortez le camembert, disposez sur le dessus des noix et des noisettes torr\u00e9fi\u00e9s et l\u00e9g\u00e8rement concass\u00e9es. Ajoutez \u00e9galement quelques feuilles de thym et deux cuill\u00e8res \u00e0 soupe de miel.<\/p>\n<p>D\u00e9gustez sans attendre avec du pain grill\u00e9.<\/p>\n<p>[\/et_pb_text][\/et_pb_column][\/et_pb_row][et_pb_row _builder_version=\u00a0\u00bb4.16&Prime; background_size=\u00a0\u00bbinitial\u00a0\u00bb background_position=\u00a0\u00bbtop_left\u00a0\u00bb background_repeat=\u00a0\u00bbrepeat\u00a0\u00bb global_colors_info=\u00a0\u00bb{}\u00a0\u00bb][et_pb_column type=\u00a0\u00bb4_4&Prime; _builder_version=\u00a0\u00bb4.16&Prime; custom_padding=\u00a0\u00bb|||\u00a0\u00bb global_colors_info=\u00a0\u00bb{}\u00a0\u00bb custom_padding__hover=\u00a0\u00bb|||\u00a0\u00bb][et_pb_divider _builder_version=\u00a0\u00bb4.19.4&Prime; _module_preset=\u00a0\u00bbdefault\u00a0\u00bb global_colors_info=\u00a0\u00bb{}\u00a0\u00bb][\/et_pb_divider][et_pb_text _builder_version=\u00a0\u00bb4.19.4&Prime; text_orientation=\u00a0\u00bbjustified\u00a0\u00bb z_index_tablet=\u00a0\u00bb500&Prime; text_text_shadow_horizontal_length_tablet=\u00a0\u00bb0px\u00a0\u00bb text_text_shadow_vertical_length_tablet=\u00a0\u00bb0px\u00a0\u00bb text_text_shadow_blur_strength_tablet=\u00a0\u00bb1px\u00a0\u00bb link_text_shadow_horizontal_length_tablet=\u00a0\u00bb0px\u00a0\u00bb link_text_shadow_vertical_length_tablet=\u00a0\u00bb0px\u00a0\u00bb link_text_shadow_blur_strength_tablet=\u00a0\u00bb1px\u00a0\u00bb ul_text_shadow_horizontal_length_tablet=\u00a0\u00bb0px\u00a0\u00bb ul_text_shadow_vertical_length_tablet=\u00a0\u00bb0px\u00a0\u00bb ul_text_shadow_blur_strength_tablet=\u00a0\u00bb1px\u00a0\u00bb ol_text_shadow_horizontal_length_tablet=\u00a0\u00bb0px\u00a0\u00bb ol_text_shadow_vertical_length_tablet=\u00a0\u00bb0px\u00a0\u00bb ol_text_shadow_blur_strength_tablet=\u00a0\u00bb1px\u00a0\u00bb quote_text_shadow_horizontal_length_tablet=\u00a0\u00bb0px\u00a0\u00bb quote_text_shadow_vertical_length_tablet=\u00a0\u00bb0px\u00a0\u00bb quote_text_shadow_blur_strength_tablet=\u00a0\u00bb1px\u00a0\u00bb header_text_shadow_horizontal_length_tablet=\u00a0\u00bb0px\u00a0\u00bb header_text_shadow_vertical_length_tablet=\u00a0\u00bb0px\u00a0\u00bb header_text_shadow_blur_strength_tablet=\u00a0\u00bb1px\u00a0\u00bb header_2_text_shadow_horizontal_length_tablet=\u00a0\u00bb0px\u00a0\u00bb header_2_text_shadow_vertical_length_tablet=\u00a0\u00bb0px\u00a0\u00bb header_2_text_shadow_blur_strength_tablet=\u00a0\u00bb1px\u00a0\u00bb header_3_text_shadow_horizontal_length_tablet=\u00a0\u00bb0px\u00a0\u00bb header_3_text_shadow_vertical_length_tablet=\u00a0\u00bb0px\u00a0\u00bb header_3_text_shadow_blur_strength_tablet=\u00a0\u00bb1px\u00a0\u00bb header_4_text_shadow_horizontal_length_tablet=\u00a0\u00bb0px\u00a0\u00bb header_4_text_shadow_vertical_length_tablet=\u00a0\u00bb0px\u00a0\u00bb header_4_text_shadow_blur_strength_tablet=\u00a0\u00bb1px\u00a0\u00bb header_5_text_shadow_horizontal_length_tablet=\u00a0\u00bb0px\u00a0\u00bb header_5_text_shadow_vertical_length_tablet=\u00a0\u00bb0px\u00a0\u00bb header_5_text_shadow_blur_strength_tablet=\u00a0\u00bb1px\u00a0\u00bb header_6_text_shadow_horizontal_length_tablet=\u00a0\u00bb0px\u00a0\u00bb header_6_text_shadow_vertical_length_tablet=\u00a0\u00bb0px\u00a0\u00bb header_6_text_shadow_blur_strength_tablet=\u00a0\u00bb1px\u00a0\u00bb box_shadow_horizontal_tablet=\u00a0\u00bb0px\u00a0\u00bb box_shadow_vertical_tablet=\u00a0\u00bb0px\u00a0\u00bb box_shadow_blur_tablet=\u00a0\u00bb40px\u00a0\u00bb box_shadow_spread_tablet=\u00a0\u00bb0px\u00a0\u00bb global_colors_info=\u00a0\u00bb{}\u00a0\u00bb]<\/p>\n<h4 style=\"text-align: center;\"><strong>Astuces et conseils<\/strong><\/h4>\n<p style=\"text-align: center;\">Vous pouvez r\u00e9aliser cette recette <strong>tout au long de l\u2019ann\u00e9e<\/strong> en rempla\u00e7ant les cranberries fra\u00eeches par des cranberries s\u00e9ch\u00e9es.<br \/>En \u00e9t\u00e9, elle peut \u00eatre une id\u00e9e originale pour vos <strong>soir\u00e9es grillades<\/strong>. Il vous faudra alors retirer l&#8217;emballage protecteur, remettre votre camembert dans sa bo\u00eete et l\u2019entourer de papier aluminium. Puis, il suffira de <strong>le faire fondre sur les braises de votre barbecue<\/strong> pour vous r\u00e9-ga-ler !<\/p>\n<p>[\/et_pb_text][\/et_pb_column][\/et_pb_row][\/et_pb_section]<\/p>\n","protected":false},"excerpt":{"rendered":"<p>Notre camembert r\u00f4ti au miel est un appel \u00e0 la gourmandise qui comblera s\u00fbrement tous les amateurs de fromage ! Garni de miel, de fruits secs et de cranberries &#8211; on vous promet une d\u00e9gustation succulente ! Cette recette de camembert r\u00f4ti au miel Maison Fedon est parfaite pour une soir\u00e9e au coin du feu, [&hellip;]<\/p>\n","protected":false},"author":3,"featured_media":11810,"comment_status":"closed","ping_status":"closed","sticky":false,"template":"","format":"standard","meta":{"_acf_changed":false,"_seopress_robots_primary_cat":"none","_seopress_titles_title":"Camembert r\u00f4ti au miel - Maison Fedon","_seopress_titles_desc":"Ce camembert r\u00f4ti au miel Maison Fedon comblera tous les amateurs de fromage ! Fondant et parfum\u00e9, il peut \u00eatre pr\u00e9par\u00e9 au four ou bien au barbecue.","_seopress_robots_index":"","_et_pb_use_builder":"on","_et_pb_old_content":"","_et_gb_content_width":"","footnotes":""},"categories":[8],"tags":[],"class_list":["post-11773","post","type-post","status-publish","format-standard","has-post-thumbnail","hentry","category-actus"],"acf":[],"_links":{"self":[{"href":"https:\/\/www.maison-fedon.fr\/blog\/wp-json\/wp\/v2\/posts\/11773"}],"collection":[{"href":"https:\/\/www.maison-fedon.fr\/blog\/wp-json\/wp\/v2\/posts"}],"about":[{"href":"https:\/\/www.maison-fedon.fr\/blog\/wp-json\/wp\/v2\/types\/post"}],"author":[{"embeddable":true,"href":"https:\/\/www.maison-fedon.fr\/blog\/wp-json\/wp\/v2\/users\/3"}],"replies":[{"embeddable":true,"href":"https:\/\/www.maison-fedon.fr\/blog\/wp-json\/wp\/v2\/comments?post=11773"}],"version-history":[{"count":9,"href":"https:\/\/www.maison-fedon.fr\/blog\/wp-json\/wp\/v2\/posts\/11773\/revisions"}],"predecessor-version":[{"id":12783,"href":"https:\/\/www.maison-fedon.fr\/blog\/wp-json\/wp\/v2\/posts\/11773\/revisions\/12783"}],"wp:featuredmedia":[{"embeddable":true,"href":"https:\/\/www.maison-fedon.fr\/blog\/wp-json\/wp\/v2\/media\/11810"}],"wp:attachment":[{"href":"https:\/\/www.maison-fedon.fr\/blog\/wp-json\/wp\/v2\/media?parent=11773"}],"wp:term":[{"taxonomy":"category","embeddable":true,"href":"https:\/\/www.maison-fedon.fr\/blog\/wp-json\/wp\/v2\/categories?post=11773"},{"taxonomy":"post_tag","embeddable":true,"href":"https:\/\/www.maison-fedon.fr\/blog\/wp-json\/wp\/v2\/tags?post=11773"}],"curies":[{"name":"wp","href":"https:\/\/api.w.org\/{rel}","templated":true}]}}